{"id":1264,"date":"2026-09-01T21:25:45","date_gmt":"2026-09-01T15:55:45","guid":{"rendered":"https:\/\/flos.carmelmedia.in\/?p=1264"},"modified":"2026-09-01T21:25:45","modified_gmt":"2026-09-01T15:55:45","slug":"september-2-carmelite-martyrs-of-france","status":"publish","type":"post","link":"https:\/\/flos.carmelmedia.in\/index.php\/2026\/09\/01\/september-2-carmelite-martyrs-of-france\/","title":{"rendered":"SEPTEMBER 2 &#8211; CARMELITE MARTYRS OF FRANCE"},"content":{"rendered":"<p><img decoding=\"async\" src=\"https:\/\/carmelitequotes.blog\/wp-content\/uploads\/2020\/09\/september-massacre_des_carmes-bilcocq-img_2416.jpg?w=736\" \/><\/p>\n<p style=\"text-align: center;\"><em>Massacre des Carmes (<\/em>Massacre in the Carmelite convent), Attributed to Marie-Marc-Antoine Bilcocq (French, 1755-1838)<\/p>\n<p style=\"text-align: justify;\">\n<p style=\"text-align: justify;\">On <strong>September 2, 1792<\/strong>, Blessed Abb\u00e9 Deprez and 190 other clergy were martyred at the Carmelite monastery in Paris during the French Revolution. Their witness of faith amid brutal persecution exemplifies ultimate Christian courage, choosing sacrifice at the foot of the cross over the denial of their vocation.<\/p>\n<p class=\"has-text-align-justify wp-block-paragraph\" style=\"text-align: justify;\">Among the martyrs there were three bishops, 127 diocesan priests, 56 religious, and five laity; 86 of the priests and four of the laity belonged to the Diocese of Paris.<\/p>\n<p class=\"has-text-align-justify wp-block-paragraph\" style=\"text-align: justify;\">The martyrs were rounded up and detained in different makeshift prisons in Paris. There was the notorious Prison de la Force and the Abbey of Saint-Germain-des-Pr\u00e9s; but, the primary and most important was the convent of the Discalced Carmelite Friars, where\u00a0Brother Lawrence of the Resurrection\u00a0once lived and taught the Practice of the Presence of God.<\/p>\n<p><img decoding=\"async\" src=\"https:\/\/carmelitequotes.blog\/wp-content\/uploads\/2025\/08\/1280px-carmes_de_vaugirard.jpg?w=1280\" \/><\/p>\n<p class=\"has-text-align-justify wp-block-paragraph\" style=\"text-align: justify;\">At 4:00 in the afternoon of 2 September 1792, an armed mob descended on the monastery, which had served as a prison since 10 August. The massacre began by firing squad, but the impatient, bloodthirsty crowd lost control and began attacking the prisoners with spears (piques) and sabers.<\/p>\n<p class=\"has-text-align-justify wp-block-paragraph\" style=\"text-align: justify;\">Some prisoners sought refuge in the monastery chapel but were apprehended and led back to the monastery garden to certain execution. A revolutionary commissioner arrived, restored order, and within two hours another 115 executions were carried out at the bottom of the stairway that led to the back door of the sacristy.<\/p>\n<p class=\"has-text-align-justify wp-block-paragraph\" style=\"text-align: justify;\">One Jesuit escaped, Father Saurin, and an injured diocesan priest, Father De La Pannonie. Father Saurin said that the difference between the spiritual calm and serenity of the Carmelite prison and the noise and furor of Revolutionary Paris was like night and day.<\/p>\n<p class=\"has-text-align-justify wp-block-paragraph\" style=\"text-align: justify;\">Father De La Pannonie wrote,\u00a0<em>\u201cI never heard one complaint from those whom I saw massacred\u201d<\/em>\u00a0on 2 September in the Carmelite cloister garden.<\/p>\n<p class=\"has-text-align-justify wp-block-paragraph\" style=\"text-align: justify;\">Of the 3000 victims of September 1792, these\u00a0<a href=\"https:\/\/eglise.catholique.fr\/saint-du-jour\/02\/09\/bienheureux-martyrs-des-carmes\/\" target=\"_blank\" rel=\"noreferrer noopener\">191 martyrs<\/a>\u00a0were beatified by Pope Pius XI on 17 October 1926.<\/p>\n<p style=\"text-align: center;\"><strong>CONF\u00c9RENCE DES \u00c9V\u00caQUES DE FRANCE<\/strong><\/p>\n<p style=\"text-align: center;\"><em>Bienheureux martyrs des Carmes\u00a0(+1792)<\/em><\/p>\n","protected":false},"excerpt":{"rendered":"<p>Massacre des Carmes (Massacre in the Carmelite convent), Attributed to Marie-Marc-Antoine Bilcocq (French, 1755-1838) On September 2, 1792, Blessed Abb\u00e9 Deprez and 190 other clergy were martyred at the Carmelite monastery in Paris during the French Revolution. Their witness of faith amid brutal persecution exemplifies ultimate Christian courage, choosing sacrifice at the foot of the &hellip; <\/p>\n<p class=\"link-more\"><a href=\"https:\/\/flos.carmelmedia.in\/index.php\/2026\/09\/01\/september-2-carmelite-martyrs-of-france\/\" class=\"more-link\">Continue reading<span class=\"screen-reader-text\"> &#8220;SEPTEMBER 2 &#8211; CARMELITE MARTYRS OF FRANCE&#8221;<\/span><\/a><\/p>\n","protected":false},"author":1,"featured_media":0,"comment_status":"open","ping_status":"open","sticky":false,"template":"","format":"standard","meta":{"footnotes":""},"categories":[1],"tags":[],"class_list":["post-1264","post","type-post","status-publish","format-standard","hentry","category-uncategorized"],"_links":{"self":[{"href":"https:\/\/flos.carmelmedia.in\/index.php\/wp-json\/wp\/v2\/posts\/1264","targetHints":{"allow":["GET"]}}],"collection":[{"href":"https:\/\/flos.carmelmedia.in\/index.php\/wp-json\/wp\/v2\/posts"}],"about":[{"href":"https:\/\/flos.carmelmedia.in\/index.php\/wp-json\/wp\/v2\/types\/post"}],"author":[{"embeddable":true,"href":"https:\/\/flos.carmelmedia.in\/index.php\/wp-json\/wp\/v2\/users\/1"}],"replies":[{"embeddable":true,"href":"https:\/\/flos.carmelmedia.in\/index.php\/wp-json\/wp\/v2\/comments?post=1264"}],"version-history":[{"count":1,"href":"https:\/\/flos.carmelmedia.in\/index.php\/wp-json\/wp\/v2\/posts\/1264\/revisions"}],"predecessor-version":[{"id":1265,"href":"https:\/\/flos.carmelmedia.in\/index.php\/wp-json\/wp\/v2\/posts\/1264\/revisions\/1265"}],"wp:attachment":[{"href":"https:\/\/flos.carmelmedia.in\/index.php\/wp-json\/wp\/v2\/media?parent=1264"}],"wp:term":[{"taxonomy":"category","embeddable":true,"href":"https:\/\/flos.carmelmedia.in\/index.php\/wp-json\/wp\/v2\/categories?post=1264"},{"taxonomy":"post_tag","embeddable":true,"href":"https:\/\/flos.carmelmedia.in\/index.php\/wp-json\/wp\/v2\/tags?post=1264"}],"curies":[{"name":"wp","href":"https:\/\/api.w.org\/{rel}","templated":true}]}}